[{"@context":"https:\/\/schema.org\/","@type":"Article","@id":"https:\/\/www.zura.sk\/milenec-na-ktoreho-sa-nezabuda\/#Article","mainEntityOfPage":"https:\/\/www.zura.sk\/milenec-na-ktoreho-sa-nezabuda\/","headline":"Milenec, na ktor\u00e9ho sa nezab\u00fada","name":"Milenec, na ktor\u00e9ho sa nezab\u00fada","description":"Niektor\u00e9 t\u00fa\u017eby nos\u00ed \u017eena so sebou ukryt\u00e9 cel\u00e9 roky, a\u017e k\u00fdm nepr\u00edde mu\u017e, ktor\u00fd ich premen\u00ed na realitu. Po takomto silne pre\u017eitom erotickom z\u00e1\u017eitku je &hellip; ","datePublished":"2025-08-07","dateModified":"2025-08-07","author":{"@type":"Person","@id":"https:\/\/www.zura.sk\/author\/#Person","name":"","url":"https:\/\/www.zura.sk\/author\/","identifier":1,"image":{"@type":"ImageObject","@id":"https:\/\/secure.gravatar.com\/avatar\/87132efef9f5972c3e770e1fb0907fb3dcc1311f82da5f30bffbae0bd81cf8c0?s=96&d=mm&r=g","url":"https:\/\/secure.gravatar.com\/avatar\/87132efef9f5972c3e770e1fb0907fb3dcc1311f82da5f30bffbae0bd81cf8c0?s=96&d=mm&r=g","height":96,"width":96}},"publisher":{"@type":"Organization","name":"zura.sk","logo":{"@type":"ImageObject","@id":"\/logo.png","url":"\/logo.png","width":600,"height":60}},"image":{"@type":"ImageObject","@id":"https:\/\/www.zura.sk\/wp-content\/uploads\/IMG_0180.jpeg","url":"https:\/\/www.zura.sk\/wp-content\/uploads\/IMG_0180.jpeg","height":0,"width":0},"url":"https:\/\/www.zura.sk\/milenec-na-ktoreho-sa-nezabuda\/","wordCount":426,"articleBody":"      Niektor\u00e9 t\u00fa\u017eby nos\u00ed \u017eena so sebou ukryt\u00e9 cel\u00e9 roky, a\u017e k\u00fdm nepr\u00edde mu\u017e, ktor\u00fd ich premen\u00ed na realitu. Po takomto silne pre\u017eitom erotickom z\u00e1\u017eitku je niekedy \u013eah\u0161ie ml\u010da\u0165, no spomienky sa neust\u00e1le vracaj\u00fa \u2013 na tak\u00e9 nie\u010do sa len tak \u013eahko nezab\u00fada. Tak\u00fd je aj pr\u00edbeh jednej mladej \u017eeny, ktor\u00e1 sa pri spomienke na najlep\u0161iu noc v jej \u017eivote tajne rozpl\u00fdva pod pokr\u00fdvkou postele. Je neskoro ve\u010der a Petra op\u00e4\u0165 nem\u00f4\u017ee zaspa\u0165. Mala za sebou ve\u013emi n\u00e1ro\u010dn\u00fd de\u0148 v pr\u00e1ci, po ktorom je \u0165a\u017ek\u00e9 za\u017em\u00fari\u0165 o\u010di a necha\u0165 telo kone\u010dne odpo\u010d\u00edva\u0165. Zrazu si na neho spomenula \u2013 v pam\u00e4ti sa jej vybavil za\u010diatok jej najint\u00edmnej\u0161ej chv\u00edle, ke\u010f v jednu kr\u00e1snu noc za\u010dali obj\u00edma\u0165 pevn\u00e9 ruky jej nah\u00e9 \u017eiadostiv\u00e9 telo s horlivou t\u00fa\u017ebou po milovan\u00ed.Pred jej o\u010dami sa op\u00e4\u0165 zjavuje obraz zak\u00e1zan\u00e9ho dotyku spolu so sp\u00f4sobom ako sa jej zmocnil. Doteraz nem\u00e1 tu\u0161enia, pre\u010do sa pr\u00e1ve jemu odovzdala nato\u013eko, aby bolo zcela nemo\u017en\u00e9 dosiahnu\u0165 to znova. A tak v tichu noci podlieha vlastn\u00fdm fant\u00e1zi\u00e1m, popri ktor\u00fdch sa jemne hlad\u00ed prstami s pocitom, akoby bol op\u00e4\u0165 pri nej. Zatvor\u00ed o\u010di a v mysli si predstavuje siluetu jeho vypracovan\u00e9ho tela a pomaly za\u010d\u00edna poci\u0165ova\u0165 jeho tepl\u00fd dych na svojom krku. S\u00e9ria jeho \u0161peci\u00e1lnych pohybov, ktor\u00fdch tempo sa postupne zr\u00fdch\u013euje je absol\u00fatne bez ch\u00fdb.Iba on presne vedel, \u010do Petra presne potrebuje a po \u010dom presne jej telo tak netrpezlivo t\u00fa\u017ei. Jej vzru\u0161enie narast\u00e1 ne\u00faprosn\u00fdm tempom, preto\u017ee ka\u017ed\u00fd jeho z\u00e1ber za\u010dal  http:\/\/www.karaoketexty.cz\/texty-pisni\/mig\/tat-zacal-snih-28158 by\u0165 \u010doraz viac a viac silnej\u0161\u00ed. Jej telo sa za\u010dalo str\u00e1ca\u0165 v nekontrolovate\u013enej vlne t\u00fa\u017eby \u2013 u\u017e nemohla \u010falej odol\u00e1va\u0165 jeho hre, stehn\u00e1 sa jej za\u010dali chvie\u0165 a mu\u017e presne vedel, \u010do bude nasledova\u0165. Posledn\u00fd vzdych sa premenil na siln\u00fd v\u00fdkrik a cel\u00e9 jej vn\u00fatro za\u010dalo spont\u00e1nne pulzova\u0165. V tranze si ani nev\u0161imla, \u017ee svojou neskuto\u010dnou energiou vyvrcholili obidvaja naraz. Petra otvorila o\u010di, z\u013eahka sa pousmiala a dodala: \u201eMilenec mi dal to, po \u010dom som t\u00fa\u017eila roky https:\/\/www.privatportal.sk\/blog\/milenec-mi-dal-to-po-com-som-tuzila-roky. Na jeho dotyk budem nav\u017edy spom\u00edna\u0165, ako na t\u00fa najlep\u0161iu jazdu v mojom \u017eivote!\u201d                                                                                                                                                                                                                                                                                                                                                                                          3.7\/5 - (8 votes)        "},{"@context":"https:\/\/schema.org\/","@type":"BreadcrumbList","itemListElement":[{"@type":"ListItem","position":1,"name":"Milenec, na ktor\u00e9ho sa nezab\u00fada","item":"https:\/\/www.zura.sk\/milenec-na-ktoreho-sa-nezabuda\/#breadcrumbitem"}]}]