[{"@context":"https:\/\/schema.org\/","@type":"Article","@id":"https:\/\/www.zura.sk\/novinky-od-tesli\/#Article","mainEntityOfPage":"https:\/\/www.zura.sk\/novinky-od-tesli\/","headline":"Novinky od Tesli","name":"Novinky od Tesli","description":"Ak ste si mysleli \u017ee Tesla v\u00fdroba len automobilu ste na ve\u013ekom omyle. Po novom sa vrhli aj do v\u00fdrobe nie\u010do \u0161peci\u00e1lneho \u010do si predstav\u00edme. &hellip; ","datePublished":"2018-01-25","dateModified":"2018-01-25","author":{"@type":"Person","@id":"https:\/\/www.zura.sk\/author\/#Person","name":"","url":"https:\/\/www.zura.sk\/author\/","identifier":1,"image":{"@type":"ImageObject","@id":"https:\/\/secure.gravatar.com\/avatar\/87132efef9f5972c3e770e1fb0907fb3dcc1311f82da5f30bffbae0bd81cf8c0?s=96&d=mm&r=g","url":"https:\/\/secure.gravatar.com\/avatar\/87132efef9f5972c3e770e1fb0907fb3dcc1311f82da5f30bffbae0bd81cf8c0?s=96&d=mm&r=g","height":96,"width":96}},"publisher":{"@type":"Organization","name":"zura.sk","logo":{"@type":"ImageObject","@id":"\/logo.png","url":"\/logo.png","width":600,"height":60}},"image":{"@type":"ImageObject","@id":"https:\/\/www.zura.sk\/wp-content\/uploads\/img_a286282_w16515_t1521996937.jpg","url":"https:\/\/www.zura.sk\/wp-content\/uploads\/img_a286282_w16515_t1521996937.jpg","height":0,"width":0},"url":"https:\/\/www.zura.sk\/novinky-od-tesli\/","wordCount":428,"articleBody":"Ak ste si mysleli \u017ee Tesla v\u00fdroba len automobilu ste na ve\u013ekom omyle. Po novom sa vrhli aj do v\u00fdrobe nie\u010do \u0161peci\u00e1lneho \u010do si predstav\u00edme. Zmen\u0161en\u00e1 nab\u00edja\u010dka smartphonou a tabletov V\u00fdrobcu Tesla pozn\u00e1me ako v\u00fdrobcu automobilov. Tesla v\u0161ak roz\u0161iruje svoju v\u00fdrobu o nov\u00e9 technologick\u00e9 v\u00fdrobky ktor\u00e9 maj\u00fa pom\u00f4c\u0165 r\u00fdchlo nabi\u0165 smartphon a tablet. 108 x 31 x 23 mm ale za to je na prv\u00fd poh\u013ead ve\u013emi pekn\u00e1 a pr\u00e1ve preto sa bude \u013eah\u0161ie pred\u00e1va\u0165. T\u00e1to Power banka obsahuje 3 350 mAh a zariadenia budete nab\u00edja\u0165 pomocou k\u00e1bla micro Usb. Cena tohto zariadenia by sa mala pohybova\u0165 okolo 35 eur. \u2026\u00f4jde&gt; \u00d8 Bude ma\u0165 teda pekn\u00fd elegantn\u00fd dizajn a vyzer\u00e1 podobne ako router na internete ale st\u00fdm \u017ee v strede je ako keby okienko ktor\u00e9 dopl\u0148uje tento dizajn. Zatia\u013e by sa mal pred\u00e1va\u0165 len vo farebnej kombin\u00e1cii bielej s \u010dervenou. T\u00e1to stolov\u00e1 Power banka je polo\u017een\u00e1 na stojan\u010deku ktor\u00fd nielen doplnen\u00e9 vzh\u013ead ale na vonok vyzer\u00e1 vy\u0161\u0161ie \u010do m\u00f4\u017ee by\u0165 v\u00fdhodou v dom\u00e1cnosti ale aj v kancel\u00e1ri\u00e1ch. A samozrejme nebude ch\u00fdba\u0165 logo na zariaden\u00ed ktor\u00e9 je ozna\u010den\u00e9 ve\u013ek\u00fdmi tla\u010den\u00edm p\u00edsmenami v \u010dervenej farbe. Mo\u017eno sa do\u010dk\u00e1me aj toho \u017ee v\u00fdrobca Tesla bude vyr\u00e1ba\u0165 aj smartphoni \u010di tablety a mo\u017eno roz\u0161\u00edri svoju v\u00fdrobu a prid\u00e1 k tomu aj \u010fal\u0161ie produkty ako napr\u00edklad XiaoMi. Nebolo by to na \u0161kodu, ke\u010f\u017ee vieme \u017ee Tesla je ve\u013emi \u00faspe\u0161n\u00e1 a zn\u00e1ma firma ktor\u00e1 sa zaober\u00e1 v\u00fdrobou a predajom \u00e1ut pod svojou zna\u010dkou. Tesla n\u00e1s v\u0161ak m\u00f4\u017ee v bud\u00facnosti prekvapi\u0165 a okrem Power banku, n\u00e1m pon\u00fakne aj sl\u00fachadl\u00e1, \u010do in\u00e9 zariadenia, a mo\u017eno aj spom\u00ednan\u00e9 smartphoni \u010di tablety. \u00d8 Nechajme sa prekvapi\u0165 a uvid\u00edme \u017ee n\u00e1m tento v\u00fdrobca pon\u00fakne. Mo\u017eno Power banka bola len sk\u00fa\u0161ka \u010di sa bude tento produkt pred\u00e1va\u0165. Ak by bol v\u0161ak predaj ne\u00faspe\u0161n\u00fd, mo\u017eno sa bud\u00fa venova\u0165 len v\u00fdrobou \u00e1ut alebo sk\u00fasia vylep\u0161i\u0165 nov\u00e9 technologick\u00e9 vymo\u017eenosti a pon\u00faknu n\u00e1m nie\u010do \u010do na trhu zatia\u013e nem\u00e1me. S\u00e1m som zvedav\u00fd \u010do n\u00e1m Tesla pon\u00fakne a ak bude nie\u010do nov\u00e9 od tohto v\u00fdrobcu budeme V\u00e1s informova\u0165 v \u010fal\u0161\u00edch \u010dl\u00e1nkoch.                                                                                                                                                                                                                                                                                                                                                                                         4.2\/5 - (12 votes)        "},{"@context":"https:\/\/schema.org\/","@type":"BreadcrumbList","itemListElement":[{"@type":"ListItem","position":1,"name":"Novinky od Tesli","item":"https:\/\/www.zura.sk\/novinky-od-tesli\/#breadcrumbitem"}]}]